{"id":18631,"date":"2022-01-20T14:02:12","date_gmt":"2022-01-20T13:02:12","guid":{"rendered":"https:\/\/www.gemeindenetzwerk.de\/?p=18631"},"modified":"2022-01-20T14:03:17","modified_gmt":"2022-01-20T13:03:17","slug":"71-corona-informationen-von-hartmut-steeb-januar-2022","status":"publish","type":"post","link":"https:\/\/www.gemeindenetzwerk.de\/?p=18631","title":{"rendered":"71. Corona-Informationen von Hartmut Steeb"},"content":{"rendered":"<p style=\"text-align: justify;\">Ich schreibe Ihnen inmitten der Allianzgebetswoche, einer mir seit Jahrzehnten liebgewordenen Woche. Seit 1976 durfte ich diese in Stuttgart mitgestalten und mitverantworten, seit 1989 auf Bundesebene, mitunter auch mit europ\u00e4ischer Ausstrahlung. Reinhold Schneider hatte es 1936 anl\u00e4sslich d\u00fcster aufziehender Wolken so treffend formuliert <em>\u201eAllein den Betern kann es noch gelingen, das Schwert ob unseren H\u00e4uptern aufzuhalten!\u201c <\/em>Darum lade ich neben der Wahrnehmung der Situation und der Fakten sowie den M\u00f6glichkeiten der Einflussnahme durch aktive Mitwirkung an der Meinungsbildung (Reden und Schreiben und auch auf der Stra\u00dfe die M\u00f6glichkeit zur Meinungsbildung nutzen) vor allem zum Gebet ein. Denn \u201eDas Gebet ersetzt keine Tat, aber das Gebet ist eine Tat, die durch nichts ersetzt werden kann\u201c (Landesbischof D. Hans von Keler).<!--more--><\/p>\n<p style=\"text-align: justify;\"><strong>Aktuelle Lage<\/strong><\/p>\n<p style=\"text-align: justify;\">Wie ist die aktuelle Lage einzusch\u00e4tzen? Immer mehr Demonstrationen? Vera Lengsfeld im Interview bei \u201eTichys Einblick\u201c:<\/p>\n<p style=\"text-align: justify;\"><a href=\"https:\/\/vera-lengsfeld.de\/2022\/01\/03\/der-umgang-mit-den-demonstranten-ist-eine-unfassbare-arroganz-der-macht\/?utm_source=mailpoet&amp;utm_medium=email&amp;utm_campaign=NL-Post-Notifications\">\u201eDer Umgang mit den Demonstranten ist eine unfassbare Arroganz der Macht\u201c \u2013 Vera Lengsfeld (vera-lengsfeld.de)<\/a><\/p>\n<p style=\"text-align: justify;\">und erfreulicherweise auch im MDR:<\/p>\n<p style=\"text-align: justify;\"><a href=\"https:\/\/www.youtube.com\/watch?v=RXcehRZtYRc\">Vera Lengsfeld darf im Staatsfunk mdr die Coronademos mit dem Montagsdemos in der DDR&#8230;.. &#8211; YouTube<\/a><\/p>\n<p style=\"text-align: justify;\">Auch die Welt berichtet<\/p>\n<p style=\"text-align: justify;\"><a href=\"https:\/\/www.welt.de\/newsticker\/dpa_nt\/afxline\/topthemen\/article236016922\/Tausende-bundesweit-bei-Corona-Protesten.html?wtrid=kooperation.reco.taboola.free.welt.desktop\">Tausende bundesweit bei Corona-Protesten &#8211; WELT<\/a>; <a href=\"https:\/\/www.welt.de\/politik\/deutschland\/article236126826\/Corona-Demonstrationen-mit-zehntausenden-Teilnehmern-in-Deutschland.html?sc_src=email_1588388&amp;sc_lid=153303619&amp;sc_uid=z8EKDuQPxM&amp;sc_llid=558&amp;sc_cid=1588388&amp;cid=email.crm.redaktion.newsletter.politik&amp;sc_eh=2b0a36f18a4a08231\">Corona-Demonstrationen mit zehntausenden Teilnehmern in Deutschland &#8211; WELT<\/a><\/p>\n<p style=\"text-align: justify;\">Ebenso das Deutsche \u00c4rzteblatt:<\/p>\n<p style=\"text-align: justify;\"><a href=\"https:\/\/www.aerzteblatt.de\/nachrichten\/130569\/Zehntausende-protestieren-gegen-Coronamassnahmen?rt=7cd8255d566cfb992c0d5697a0796a2e\">Zehntausende protestieren gegen Coronama\u00dfnahmen (aerzteblatt.de)<\/a>; <a href=\"https:\/\/www.aerzteblatt.de\/nachrichten\/130689\/Erneut-Demonstrationen-und-Menschenketten-als-Zeichen-gegen-Proteste?rt=7cd8255d566cfb992c0d5697a0796a2e\">Erneut Demonstrationen und Menschenketten als Zeichen gegen Proteste (aerzteblatt.de)<\/a><\/p>\n<p style=\"text-align: justify;\">Bundeskanzler Scholz sagte im Bundestag, dass nur eine winzige Minderheit protestieren w\u00fcrde. Nun aber zeigt eine repr\u00e4sentative Umfrage, dass fast 30% der B\u00fcrger Verst\u00e4ndnis f\u00fcr die Proteste haben. Am wenigstens jedoch \u00e4ltere Menschen \u00fcber 60 Jahre:<\/p>\n<p style=\"text-align: justify;\"><a href=\"https:\/\/reitschuster.de\/post\/umfrage-hammer-fast-jeder-dritte-hat-verstaendnis-fuer-corona-demos\/\">Umfrage-Hammer: Fast jeder Dritte hat Verst\u00e4ndnis f\u00fcr Corona-Demos &#8211; reitschuster.de<\/a><\/p>\n<p style=\"text-align: justify;\">Wann und wo <strong>Spazierg\u00e4nge<\/strong> oder Demonstrationen stattfinden, findet man hier:<\/p>\n<ul style=\"text-align: justify;\">\n<li><a href=\"https:\/\/www.protestkarte.de\/\">Protestkarte<\/a><\/li>\n<li><a href=\"https:\/\/demo.terminkalender.top\/pc.php\">Demotermine (terminkalender.top)<\/a><\/li>\n<\/ul>\n<p style=\"text-align: justify;\">Viele Berichte \u00fcber mehr als seltsames Verhalten der Polizei kommen bei mir an.<br \/>\nHier beispielhaft der von Prof. Dr. Stefan Homburg:<\/p>\n<p style=\"text-align: justify;\"><a href=\"https:\/\/reitschuster.de\/post\/einkesselung-verfahren-und-platzverweis-wegen-eines-spaziergangs\/\">Einkesselung, Verfahren und Platzverweis wegen eines Spaziergangs &#8211; reitschuster.de<\/a><\/p>\n<p style=\"text-align: justify;\">Gabor Steingarts Morning-Briefing hatte am 3. Januar das Thema \u201e<strong>Impfpflichtdiskussion<\/strong>\u201c aufgenommen. Hier ein paar S\u00e4tze, um den Appetit anzuregen:<\/p>\n<p style=\"text-align: justify;\">\u201eEs macht keinen Sinn, w\u00fctend auf Impfgegner und Impfskeptiker zu schie\u00dfen als handele es sich um eine Herde von S\u00fcndenb\u00f6cken. Die Doppelmelodie hei\u00dft in ihrer zeitgen\u00f6ssischen Interpretation: Die Impfung ist vern\u00fcnftig, die allgemeine Impfpflicht ist es nicht\u2026 Olaf Scholz und nahezu alle anderen f\u00fchrenden Politiker \u2013 inklusive Prof. Lauterbach \u2013 haben versprochen, dass der Staat die Grenze vom Impfangebot zur Impfpflicht nicht \u00fcberschreiten werde. Das gesprochene Wort muss schon deshalb gelten, weil es kurz vor einer Bundestagswahl gegeben wurde\u2026 Die mittlerweile seriell aufgestellte Behauptung, wir k\u00f6nnten uns aus der Pandemie heraus impfen, ist so nicht mehr haltbar. \u2026 Die fehlenden empirischen Beweise f\u00fcr die dauerhafte Wirksamkeit wie auch die Belege f\u00fcr die dauerhafte Ungef\u00e4hrlichkeit der Impfung zwingen den demokratischen Rechtsstaat zum Innehalten. Der Virologe Prof. Hendrik Streeck hat es so formuliert: Wir kennen weder die Schutzwirkung noch die Schutzdauer ganz genau. Ich halte unter diesen Umst\u00e4nden eine allgemeine Impfpflicht f\u00fcr ein schwieriges Instrument.\u201c<\/p>\n<p style=\"text-align: justify;\"><a href=\"https:\/\/www.thepioneer.de\/originals\/steingarts-morning-briefing\/briefings\/mb-newsletter-03-01-20227\">Die Impfpflicht? Ein Irrtum. | ThePioneer<\/a>.<\/p>\n<p style=\"text-align: justify;\">Der T\u00fcbinger Oberb\u00fcrgermeister Palmer hatte mehrfach durch besondere Aktionen, auch in der Pandemiezeit, auf sich aufmerksam gemacht. Nun aber setzt er sich vehement f\u00fcr das Impfen ein und hat die T\u00fcbinger B\u00fcrger in Briefen aufgefordert, sich impfen zu lassen.<br \/>\nIn einem geradezu genialen Antwortbrief werden die Gegenargumente zusammengetragen, sehr umfangreich zwar, daf\u00fcr aber sehr aussagekr\u00e4ftig!<br \/>\n\u00dcber eine Antwort von Boris Palmer ist mir noch nichts bekannt:<\/p>\n<p style=\"text-align: justify;\"><a href=\"https:\/\/www.akanthos-akademie.de\/2022\/01\/02\/fragen-zur-corona-impfkampagne-an-oberb%C3%BCrgermeister-boris-palmer\/\">Fragen zur Corona-Impfkampagne an Oberb\u00fcrgermeister Boris Palmer &#8211; akanthos-akademie.de<\/a><\/p>\n<p style=\"text-align: justify;\">Einen hervorragenden Vorschlag hat eine M\u00fcnchner Initiative dem bayrischen Innenminister und dem M\u00fcnchner Oberb\u00fcrgermeister unterbreitet, n\u00e4mlich einen <strong>Runden Tisch<\/strong> einzurichten und die Verantwortung f\u00fcr die Protestma\u00dfnahmen zu \u00fcbernehmen. Sehr lesenswert:<\/p>\n<p style=\"text-align: justify;\"><a href=\"https:\/\/corona-transition.org\/munchner-bundnis-offener-brief-an-burgermeister-und-innenminister\">\u00abM\u00fcnchner B\u00fcndnis\u00bb: Offener Brief an B\u00fcrgermeister und Innenminister &#8211; Corona Transition (corona-transition.org)<\/a><\/p>\n<p style=\"text-align: justify;\">Fast das \u2013 meines Erachtens be\u00e4ngstigende &#8211; Gegenteil findet man beim Welt\u00e4rztepr\u00e4sidenten Montgomery:<\/p>\n<p style=\"text-align: justify;\">&#8222;Ich sto\u00dfe mich daran, dass kleine Richterlein sich hinstellen und wie gerade in <a href=\"https:\/\/rp-online.de\/thema\/niedersachsen\/\">Niedersachsen<\/a> 2G im Einzelhandel kippen, weil sie es nicht f\u00fcr verh\u00e4ltnism\u00e4\u00dfig halten&#8220;,<\/p>\n<p style=\"text-align: justify;\">sagte Montgomery der &#8222;Welt&#8220;\u00a0 (\u2026)<\/p>\n<p style=\"text-align: justify;\">Da habe ich gro\u00dfe Probleme&#8220;,<\/p>\n<p style=\"text-align: justify;\">sagte er. Es gebe &#8222;Situationen, in denen es richtig ist, die Freiheitsrechte hinter das Recht auf k\u00f6rperliche Gesundheit &#8211; nicht nur der eigenen Person, sondern aller &#8211; einzureihen&#8220;. &#8220;<br \/>\nUnd eine solche Situation haben wir&#8220;,<\/p>\n<p style=\"text-align: justify;\">sagte der Welt\u00e4rztepr\u00e4sident. (\u2026)<\/p>\n<p style=\"text-align: justify;\">&#8222;Die Ungeimpften m\u00fcssen die Erkrankung dann eben durchmachen &#8211; am Ende<br \/>\nh\u00e4tten wir dann vielleicht das Gl\u00fcck gehabt, dass wir die Durchimmunisierung schneller erreichen&#8220;,<\/p>\n<p style=\"text-align: justify;\">f\u00fcgte er hinzu. Er rechne aber damit<em>, <\/em><\/p>\n<p style=\"text-align: justify;\">&#8222;dass da noch mehr kommt&#8220;.<\/p>\n<p style=\"text-align: justify;\">Es werde<\/p>\n<p style=\"text-align: justify;\">&#8222;noch weitere Varianten geben &#8211; das griechische <a href=\"https:\/\/rp-online.de\/thema\/alphabet\/\">Alphabet<\/a> geht noch bis Omega&#8220;.<\/p>\n<p style=\"text-align: justify;\"><a href=\"https:\/\/rp-online.de\/panorama\/coronavirus\/weltaerztepraesident-frank-ulrich-montgomery-kritisiert-kleine-richterlein-wegen-corona-urteilen_aid-64856133\">https:\/\/rp-online.de\/panorama\/coronavirus\/weltaerztepraesident-frank-ulrich-montgomery-kritisiert-kleine-richterlein-wegen-corona-urteilen_aid-64856133<\/a><\/p>\n<p style=\"text-align: justify;\">Erfreulicherweise hat Montgomery daraufhin kr\u00e4ftigen Widerspruch erfahren vom Bund der Verwaltungsrichter, vom Justizminister, von der Kassen\u00e4rztlichen Vereinigung<\/p>\n<p style=\"text-align: justify;\"><a href=\"https:\/\/www.aerzteblatt.de\/nachrichten\/130409\/Diskussion-um-Urteile-in-der-Coronapandemie?rt=7cd8255d566cfb992c0d5697a0796a2e\">Diskussion um Urteile in der Coronapandemie (aerzteblatt.de)<\/a><\/p>\n<p style=\"text-align: justify;\">sowie vom Pr\u00e4sidium der Bundes\u00e4rztekammer.<\/p>\n<p style=\"text-align: justify;\">\u201eDas B\u00c4K-Pr\u00e4sidium sprach Montgomery jegliches Mandat ab, f\u00fcr die \u00c4rzte in Deutschland zu gesundheitspolitischen Fragen zu sprechen.\u201c<\/p>\n<p style=\"text-align: justify;\">Auch das Pr\u00e4sidium der Bundes\u00e4rztekammer hat sich von den \u201eunertr\u00e4glichen\u201c \u00c4u\u00dferungen distanziert.<\/p>\n<p style=\"text-align: justify;\"><a href=\"https:\/\/www.aerzteblatt.de\/nachrichten\/130482\/Bundesaerztekammer-distanziert-sich-ausdruecklich-von-Montgomery\">https:\/\/www.aerzteblatt.de\/nachrichten\/130482\/Bundesaerztekammer-distanziert-sich-ausdruecklich-von-Montgomery<\/a><\/p>\n<p style=\"text-align: justify;\">Erfrischend, dass und wie sich die fr\u00fchere Familienministerin Dr. Kristina Schr\u00f6der zur <strong>Panikmache<\/strong> des RKI \u00e4u\u00dfert<\/p>\n<p style=\"text-align: justify;\"><a href=\"https:\/\/christlichesforum.info\/ex-ministerin-schroeder-uebt-scharfe-kritik-an-panikmache-von-rki-chef-wieler\/?utm_source=mailpoet&amp;utm_medium=email&amp;utm_campaign=die-letzten-newsletter-total-beitrage-unseres-blogs_1\">Ex-Ministerin Schr\u00f6der \u00fcbt scharfe Kritik an Panikmache von RKI-Chef Wieler &#8211; Christliches Forum<\/a><\/p>\n<p style=\"text-align: justify;\">Auch weltweit gibt es hierzulande kaum vernehmbare Expertenstimmung gegen den Alarmismus. So dr\u00e4ngt z.B. Prof. Dr. M. Makary von der Johns Hopkins University darauf, den \u00ab<strong>Pandemiewahnsinn\u00bb<\/strong> zu vermeiden<\/p>\n<p style=\"text-align: justify;\"><a href=\"https:\/\/corona-transition.org\/omicron-ist-eine-erkaltung\">\u00abOmikron\u00bb ist eine Erk\u00e4ltung &#8211; Corona Transition (corona-transition.org)<\/a><\/p>\n<p style=\"text-align: justify;\">Das hindert freilich Professor Drosten nicht, weitere Versch\u00e4rfungen aufgrund von Vermutungen ins Gespr\u00e4ch zu bringen, n\u00e4mlich eine 1G-Regelung, also Zug\u00e4nge nur noch f\u00fcr Geboosterte, also Dreifach-Geimpfte, obwohl es f\u00fcr deren besseren Schutz auch nicht mehr als Vermutungen gibt<\/p>\n<p style=\"text-align: justify;\"><a href=\"https:\/\/www.msn.com\/de-de\/nachrichten\/panorama\/falls-kontaktbeschr%C3%A4nkungen-wirkungslos-bleiben-drosten-bringt-1g-regel-ins-spiel-ausnahmen-lediglich-f%C3%BCr-geboosterte\/ar-AAS7Fns?ocid=msedgdhp&amp;pc=U531\">Falls Kontaktbeschr\u00e4nkungen wirkungslos bleiben: Drosten bringt 1G-Regel ins Spiel \u2013 Ausnahmen lediglich f\u00fcr Geboosterte (msn.com)<\/a><\/p>\n<p style=\"text-align: justify;\"><strong>Hintergrund<\/strong><\/p>\n<p style=\"text-align: justify;\">Die Psychologin und Therapeutin Vera Sandstr\u00f6m (Pseudonym) zeichnet in einem sehr nachdenkenswerten Beitrag die <strong>Geschichte der Pandemie<\/strong>. Hier Zitate als Geschmacksanreger:<\/p>\n<p style=\"text-align: justify;\">\u201eOffenbar wurde zum Schutz des eigentlich doch verhassten \u201ealten wei\u00dfen Mannes\u201c, der besondere Gefahr lief, schwer zu erkranken, eine Menge getan, um anderswo auf dem Planeten eine Menge Leid auszul\u00f6sen \u2026<br \/>\nImmer mehr von demselben, immer mehr von der alten Medizin, die nicht gewirkt hat \u2026<br \/>\nUnd dann pr\u00e4sentierte man die Impfungen als \u201eWunderwaffen\u201c in diesem Krieg, obwohl von Beginn an klar war und anfangs selbst vom RKI so kommuniziert wurde, dass sie niemals mitten in einer Pandemie ihre Wirkung so entfalten k\u00f6nnen, wie (bew\u00e4hrte) Wirkungen dies normalerweise tun \u2026<br \/>\nAber Corona ist nicht in erster Linie ein virologisches Problem, sondern ein gesellschaftliches. Das ist, auf den Kern gebracht, der gro\u00dfe Denkfehler in Deutschland.\u201c<\/p>\n<p style=\"text-align: justify;\"><a href=\"https:\/\/reitschuster.de\/post\/typisch-deutscher-kontroll-und-allmachtswahn\/\">&#8222;Typisch deutscher Kontroll- und Allmachtswahn&#8220; &#8211; reitschuster.de<\/a><\/p>\n<p style=\"text-align: justify;\">\u00c4hnlich kritisch, insbesondere zur <strong>Demokratie- und Rechtsstaatsentwicklung<\/strong> schreibt der Psychologe Bernd Neumann<\/p>\n<p style=\"text-align: justify;\"><a href=\"https:\/\/reitschuster.de\/post\/durch-deutschland-geht-ein-riss\/\">Durch Deutschland geht ein Riss &#8211; reitschuster.de<\/a><\/p>\n<p style=\"text-align: justify;\">Ich bin nach wie vor zur\u00fcckhaltend mit allen Nachrichten, die man \u201egerne\u201c als Verschw\u00f6rungstheorien bezeichnen kann. Es ist aber erstaunlich und f\u00fcr mich immer bemerkenswerter, wie sich manches zusammenreimt. Ich stelle es der eigenen Beurteilung anheim:<\/p>\n<p style=\"text-align: justify;\"><a href=\"https:\/\/corona-transition.org\/bis-es-kein-zuruck-mehr-gibt\">\u00abBis es kein Zur\u00fcck mehr gibt\u00bb &#8211; Corona Transition (corona-transition.org)<\/a><\/p>\n<p style=\"text-align: justify;\">Das gilt auch f\u00fcr folgenden Beitrag; man muss das ja nicht glauben; aber es nicht zur Kenntnis zu geben w\u00e4re m.E. auch unverantwortlich:<\/p>\n<p style=\"text-align: justify;\"><a href=\"https:\/\/uncutnews.ch\/dr-robert-malone-was-ist-wenn-das-grosste-menschen-experiment-der-geschichte-ein-fehlschlag-ist\/\">Dr. Robert Malone: Was ist, wenn das gr\u00f6\u00dfte Menschen-Experiment der Geschichte ein Fehlschlag ist? \u2013 uncut-news.ch (uncutnews.ch)<\/a><\/p>\n<p style=\"text-align: justify;\">Der Schweizer Arzt Dr. Thomas Binder beschreibt ausf\u00fchrlich Hintergr\u00fcnde der Pandemie\u00a0 sowie die Untauglichkeit der Mittel zu deren Bek\u00e4mpfung. Auch dies vermag ich nicht alles bis ins Letzte einzusch\u00e4tzen; es zeigt aber m.E. viel Sinnhaftigkeit:<\/p>\n<p style=\"text-align: justify;\"><a href=\"https:\/\/corona-transition.org\/mein-aufruf-an-die-arzteschaft\">\u00abMein Aufruf an die \u00c4rzteschaft\u00bb &#8211; Corona Transition (corona-transition.org)<\/a><\/p>\n<p style=\"text-align: justify;\">Offenbar wurden bereits Vorkehrungen f\u00fcr einen <strong>neuen bundesweiten Lastenausgleich<\/strong> getroffen, der geschaffen werden k\u00f6nnte, wenn Forderungen aufgrund von Impfsch\u00e4den ins Unermessliche steigen:<\/p>\n<p style=\"text-align: justify;\"><a href=\"https:\/\/reitschuster.de\/post\/ausufernde-gesundheitskosten-enteignung-mit-ansage\/\">Ausufernde Gesundheitskosten: Enteignung mit Ansage &#8211; reitschuster.de<\/a><\/p>\n<p style=\"text-align: justify;\">Kurz vor Fertigstellung dieser Nachrichten wurde ich auf einen spannenden Blogbeitrag aufmerksam, der eine seltsame Doppelmoral thematisiert: <strong>Abtreibung und Impfverweigerung:<\/strong><\/p>\n<p style=\"text-align: justify;\"><a href=\"https:\/\/www.danisch.de\/blog\/2022\/01\/07\/die-frage-nach-der-doppelmoral-wo-ist-der-unterschied-zwischen-impfung-und-abtreibung\/\">Danisch.de \u00bb Die Frage nach der Doppelmoral: Wo ist der Unterschied zwischen Impfung und Abtreibung?<\/a><\/p>\n<p style=\"text-align: justify;\">Manches Mal ist es gut, zur\u00fcckzuschauen, z.B. in die Geschichte der \u201eSchweinegrippe Pandemie\u201c, wie sie der SPIEGEL 2010 aufgearbeitet hatte:<\/p>\n<p style=\"text-align: justify;\"><a href=\"https:\/\/www.spiegel.de\/spiegel\/a-682149.html#kommentare\">Seuchen: Chronik einer Hysterie &#8211; DER SPIEGEL<\/a><\/p>\n<p style=\"text-align: justify;\"><strong>Impfungen<\/strong><\/p>\n<p style=\"text-align: justify;\">Die Frage, unter welchen Bedingungen die <strong>Impfstoffzulassungen<\/strong> in den USA getroffen wurden, ist gewiss f\u00fcr die gesamte Corona-Bek\u00e4mpfungssituation spannend. Jetzt hat ein Gericht in Texas die Zulassungsbeh\u00f6rde zur schnelleren Ver\u00f6ffentlichung aller Unterlagen verurteilt. Das macht Hoffnung auf schnellere Aufkl\u00e4rungen:<\/p>\n<p style=\"text-align: justify;\"><a href=\"https:\/\/de.rt.com\/nordamerika\/129633-geheimhaltung-von-pfizer-daten-rechtswidrig\/amp\/?utm_source=telegram&amp;utm_medium=owned_media\">Geheimhaltung von Pfizer-Daten rechtswidrig: US-Gericht ordnet schnelle Ver\u00f6ffentlichung an (rt.com)<\/a><\/p>\n<p style=\"text-align: justify;\">Impfungen sind ein schwerer Eingriff in die k\u00f6rperliche Unversehrtheit. Umso unverst\u00e4ndlicher ist es, wenn das Bundesgesundheitsministerium falsche Informationen zur Empfehlung der STIKO f\u00fcr <strong>Kinderimpfungen<\/strong> verbreitet:<\/p>\n<p style=\"text-align: justify;\"><a href=\"https:\/\/reitschuster.de\/post\/gesundheitsministerium-falsche-angaben-zur-stiko-impfempfehlung-fuer-kinder-ab-5\/\">Gesundheitsministerium: Falsche Angaben zur STIKO-Impfempfehlung f\u00fcr Kinder ab 5 &#8211; reitschuster.de<\/a><\/p>\n<p style=\"text-align: justify;\">Wenn man davon \u00fcberzeugt ist, dass<\/p>\n<p style=\"text-align: justify;\">\u201esich die Pandemie nur global bek\u00e4mpfen l\u00e4sst und Impfen die einzig wirksame Strategie sei\u201c,<\/p>\n<p style=\"text-align: justify;\">so die Direktorin des Deutschen Instituts f\u00fcr \u00e4rztliche Mission, Dr. Gisela Schneider, dann m\u00fcsste ja sehr viel entschlossener der Blick von Europa weg auf die <strong>weltweite Situation<\/strong> gelenkt werden.<\/p>\n<p style=\"text-align: justify;\">\u201eL\u00e4ngst h\u00e4tte es \u2026 ein Aussetzen des Patentschutzes und einen Transfer von Technologien nach Afrika geben k\u00f6nnen und m\u00fcssen, damit vor Ort Impfstoffe produziert werden k\u00f6nnen &#8230; Doch bis heute wird dies von der EU, mit ma\u00dfgeblichem Einfluss aus Deutschland\u201c.<\/p>\n<p style=\"text-align: justify;\">Da stellt sich die Frage, wie ernst und glaubw\u00fcrdig der f\u00fcr alle notwendige Gesundheitsschutz per Impfung eigentlich ist. Aber noch viel spannender finde ich:<\/p>\n<p style=\"text-align: justify;\">\u201e\u2026 musste sie erleben, dass es nicht einmal m\u00f6glich war, von T\u00fcbingen aus nicht genutzte Impfdosen als Spende nach Afrika zu schicken \u2026<br \/>\nIn letzter Minute untersagte das Bundesgesundheitsministerium die Ausfuhr wegen m\u00f6glicher Haftungsrisiken f\u00fcr Deutschland aufgrund der Vertr\u00e4ge mit den Pharmakonzernen. Die \u00fcbersch\u00fcssigen Impfdosen wurden vom Bund wieder einkassiert&#8230;\u201c<\/p>\n<p style=\"text-align: justify;\"><a href=\"https:\/\/www.kontextwochenzeitung.de\/ueberm-kesselrand\/558\/egoismus-raecht-sich-7886.html\">Selektives Impfen: Egoismus r\u00e4cht sich &#8211; Ausgabe 558 (kontextwochenzeitung.de)<\/a><\/p>\n<p style=\"text-align: justify;\">Das hei\u00dft doch im Klartext, dass Deutschland sich vor der <strong>Haftung aufgrund der Impfsch\u00e4den<\/strong> in Afrika f\u00fcrchtet. Aber hier in Deutschland wird kr\u00e4ftig verimpft? Muss man das verstehen?<\/p>\n<p style=\"text-align: justify;\">Zudem: Wenn man von der Wirksamkeit der Impfungen \u00fcberzeugt ist und man nicht nur im Sinne des so oft kritisierten \u201eAmerica first\u201c zuerst an sich selbst sondern weltweit denkt, dann m\u00fcsste man eigentlich gegen die Booster-Impfungen in Deutschland sein. Genau das fordert die WHO, weil reiche L\u00e4nder mit ihren \u201eAuffrischimpfungen f\u00fcr alle\u201c wahrscheinlich f\u00fcr eine Verl\u00e4ngerung der Coronapandemie verantwortlich seien. Das liege daran, dass Impfdosen in L\u00e4nder geliefert w\u00fcrden, die bereits eine hohe Durchimpfungsrate haben. Diese Impfdosen fehlten in \u00e4rmeren L\u00e4ndern. Das gebe dem Virus die Gelegen\u00adheit, sich in unterversorgten Gegenden auszubreiten und dort neue Varianten zu bilden<\/p>\n<p style=\"text-align: justify;\"><a href=\"https:\/\/www.aerzteblatt.de\/nachrichten\/130361\/WHO-Programme-mit-Auffrischimpfungen-fuer-alle-verlaengern-Pandemie?rt=7cd8255d566cfb992c0d5697a0796a2e\">WHO: Programme mit Auffrischimpfungen f\u00fcr alle verl\u00e4ngern Pandemie (aerzteblatt.de)<\/a><\/p>\n<p style=\"text-align: justify;\">Ein sehr erfrischender Kommentar gegen den <strong>\u201eImpfglauben\u201c<\/strong> fand ich jetzt bei \u201eFrisches Flensburg\u201c<\/p>\n<p style=\"text-align: justify;\"><a href=\"https:\/\/www.frisches-flensburg.de\/das-impforama-2022-die-stimmung-kippt-der-impfglaube-wackelt\/\">Das Impforama 2022 \u2013 die Stimmung kippt, der Impfglaube wackelt \u2013 Frisches Flensburg (frisches-flensburg.de)<\/a><\/p>\n<p style=\"text-align: justify;\"><strong>Drittimpfungen und mehr<\/strong><\/p>\n<p style=\"text-align: justify;\">Inzwischen wird die Frage diskutiert, ab wann man eigentlich <strong>\u201evollst\u00e4ndig geimpft\u201c<\/strong> ist bzw. wie lange man das bleiben kann. Zwar wei\u00df man noch nicht so recht, was die dritte Impfung\u00a0 bewirkt und ob und wann man eine vierte und weitere braucht, aber es sei dennoch richtig, sich boostern zu lassen:<\/p>\n<p style=\"text-align: justify;\"><a href=\"https:\/\/www.spiegel.de\/wissenschaft\/mensch\/grundimmunisierung-gegen-sars-cov-2-virologen-stellen-impfschema-infrage-a-5986762c-58fa-4080-9a7f-ddcdac47b2be\">Grundimmunisierung gegen Sars-CoV-2: Virologen stellen Impfschema infrage &#8211; DER SPIEGEL<\/a>.<\/p>\n<p style=\"text-align: justify;\">Dies leuchtet mir nicht ein. Dass man nicht recht gewusst habe, wie die Wirkung nach zwei Impfungen ist, wird mit der raschen Entwicklung begr\u00fcndet<\/p>\n<p style=\"text-align: justify;\">\u201eDie Zulassungsstudien wurden f\u00fcr zwei Impfungen unter gro\u00dfem Zeitdruck durchgef\u00fchrt \u2013 mit dem Ziel, m\u00f6glichst schnell gro\u00dfen Teilen der Bev\u00f6lkerung einen soliden Impfschutz zur Verf\u00fcgung zu stellen. Es war schlicht nicht m\u00f6glich, \u00fcber lange Zeitr\u00e4ume nach dem besten Impfschemen zu suchen.\u201c<\/p>\n<p style=\"text-align: justify;\">Da darf man doch die Frage stellen, ob es richtig ist, unausgegorene Impfstoffe rund um den Erdball zu verimpfen!?<\/p>\n<p style=\"text-align: justify;\">Inzwischen hat man sich offenbar geeinigt, den <strong>Impfschutz nach der 2. Impfung 270 Tage<\/strong> lang gelten zu lassen, also 9 Monate. Dann gilt man wieder als \u201eungeimpft\u201c, was Rechte und Pflichten angeht. Wie lange dann, nach einer Boosterimpfung, der Impfschutz gelten wird, wei\u00df man noch nicht:<\/p>\n<p style=\"text-align: justify;\"><a href=\"https:\/\/www.aerzteblatt.de\/nachrichten\/130731\/Gueltigkeitsdauer-des-Coronaimpfzertifikats-verkuerzt-sich?rt=7cd8255d566cfb992c0d5697a0796a2e#comment50713\">G\u00fcltigkeitsdauer des Coronaimpfzertifikats verk\u00fcrzt sich (aerzteblatt.de)<\/a>.<\/p>\n<p style=\"text-align: justify;\">Auf welcher Grundlage beruht das alles?<br \/>\nWissenschaftlich nachvollziehbar ist die Fristsetzung nicht. Etwas provozierend gefragt:<br \/>\nWas w\u00fcrde der Verbraucherschutz sagen, wenn bei einem wichtigen Einrichtungsgegenstand nach dem Kauf einfach einseitig die Garantiezeit verk\u00fcrzt w\u00fcrde?<br \/>\nDas sollte man nun also auch jetzt beim Boostern wissen: Man wei\u00df nicht, wie lange die Impfungen g\u00fcltig sind!<\/p>\n<p style=\"text-align: justify;\">Die Freiheit, die den Geimpften versprochen wurde, ist nicht real geworden \u2013 2G+-Regeln lassen gr\u00fc\u00dfen. Noch ist unbekannt, wie lange gewisse Freiheiten aufrechterhalten werden, \u00fcbrigens unabh\u00e4ngig vom wirklichen Infektionsgeschehen.<\/p>\n<p style=\"text-align: justify;\"><strong>Impfpflicht<\/strong><\/p>\n<p style=\"text-align: justify;\">Die Diskussion um die Impfpflicht wird kr\u00e4ftig weitergef\u00fchrt, auch innerhalb der Kirchen. Bemerkenswert finde ich die Aussage des Vorstandsvorsitzenden der Kassen\u00e4rztlichen Bundesvereinigung, Andreas Gassen (Berlin)<\/p>\n<p style=\"text-align: justify;\">\u201eMan kann den Leuten nicht ernsthaft eine Impfpflicht auferlegen und dann feststellen, dass die Wirkung des Impfstoffes immer nur ein paar Monate h\u00e4lt.\u201c<\/p>\n<p style=\"text-align: justify;\">Die beiden wichtigsten Ziele, die man mit einer Impfpflicht anstrebe, also eine <strong>Herdenimmunit\u00e4t oder die Ausrottung des Virus<\/strong>,<\/p>\n<p style=\"text-align: justify;\">\u201esind bei Sars-Cov-2 ohnehin nicht zu erreichen\u201c, so Gassen<\/p>\n<p style=\"text-align: justify;\">Als erfreulich empfinde ich, dass immer mehr <strong>\u00c4rzte gegen die Impfpflicht<\/strong> votieren und sich entschlossen in der \u00d6ffentlichkeit positionieren:<\/p>\n<p style=\"text-align: justify;\"><a href=\"https:\/\/aerzte-stehen-auf.de\/offener-brief\/\">Offener Brief &#8211; \u00c4rzte stehen auf! (aerzte-stehen-auf.de)<\/a><\/p>\n<p style=\"text-align: justify;\">Vgl. auch den \u201eOffenen Brief\u201c von 544 Medizinern im Anhang<u>.<\/u><\/p>\n<p style=\"text-align: justify;\">Offenbar zieht sich die Diskussion um eine allgemeine Impfpflicht dennoch weiter hin, so dass sie wohl erst im Sommer 2022 greifen k\u00f6nnte:<\/p>\n<p style=\"text-align: justify;\"><a href=\"https:\/\/www.focus.de\/politik\/deutschland\/spaetestens-anfang-maerz-scholz-wird-sein-impfpflicht-versprechen-aus-dem-november-nicht-halten-koennen_id_36519396.html?utm_source=newsletter&amp;utm_medium=email&amp;utm_campaign=newsletter_TOP_THEMEN\">Impfpflicht: Scholz wird sein Versprechen aus dem November nicht halten k\u00f6nnen &#8211; FOCUS Online<\/a><\/p>\n<p style=\"text-align: justify;\">Das er\u00f6ffnet Chancen zu gr\u00fcndlicheren Beratungen. Doch von einer rationalen Abw\u00e4gung von Nutzen und Risiken nicht nur der Impfkampagne sind die verantwortlichen Politiker hierzulande weit entfernt. Obwohl inzwischen klar ersichtlich ist, dass die gew\u00fcnschte Herdenimmunit\u00e4t mit Impfungen nicht erreicht werden kann, weil die Antik\u00f6rper binnen weniger Wochen wieder verschwinden:<\/p>\n<p style=\"text-align: justify;\"><a href=\"https:\/\/reitschuster.de\/post\/um-jeden-preis-zu-einer-impfpflicht\/\">Um jeden Preis zu einer Impfpflicht &#8211; reitschuster.de<\/a><\/p>\n<p style=\"text-align: justify;\">Bei einer <strong>Verweigerung der Impfung<\/strong> sollen Nachteile in der Krankenversicherung eintreten, fordert der bayrische Gesundheitsminister:<\/p>\n<p style=\"text-align: justify;\"><a href=\"https:\/\/www.focus.de\/gesundheit\/news\/nachteile-bei-krankenversicherung-bayerns-gesundheitsminister-will-malusregelung-fuer-impfverweigerer_id_30308803.html?utm_source=newsletter&amp;utm_medium=email&amp;utm_campaign=newsletter_GESUNDHEIT\">Bayerns Gesundheitsminister will &#8222;Malusregelung&#8220; f\u00fcr Impfverweigerer &#8211; FOCUS Online<\/a><\/p>\n<p style=\"text-align: justify;\">Der T\u00fcbinger Oberb\u00fcrgermeister bringt auch Beugehaft ins Gespr\u00e4ch und die Verweigerung \u00f6ffentlicher Leistungen, auch von Lohn und Renten:<\/p>\n<p style=\"text-align: justify;\"><a href=\"https:\/\/www.welt.de\/politik\/deutschland\/article235810706\/Boris-Palmer-will-Beugehaft-fuer-Impfverweigerer.html\">Boris Palmer will \u201eBeugehaft\u201c f\u00fcr Impfverweigerer &#8211; WELT<\/a><\/p>\n<p style=\"text-align: justify;\">Zun\u00e4chst gilt die <strong>Impfpflicht f\u00fcr Mitarbeiter im Gesundheitswesen<\/strong>. Hier eine wichtige juristische Ausarbeitung, dass diese nicht zwangsl\u00e4ufig zum Verlust des Arbeitsplatzes f\u00fchren muss:<\/p>\n<p style=\"text-align: justify;\"><a href=\"https:\/\/netzwerkkrista.de\/2021\/12\/28\/weiterarbeit-im-gesundheitssektor-trotz-fehlender-impfung-moeglich-kann-regelung-in-%c2%a7-20a-abs-5-infektionsschutzgesetz-laesst-gesundheitsaemtern-spielraum-pflegekat\/?fbclid=IwAR3OAf1bod3s6bR1CKzI-dNPMA13bvB1d3UH0WVCipuMyZ6lsDjBHqjSR7o\">Weiterarbeit im Gesundheitssektor trotz fehlender Impfung m\u00f6glich? \u2013 \u201eKann-Regelung\u201c in \u00a7 20a Abs. 5 Infektionsschutzgesetz l\u00e4sst Gesundheits\u00e4mtern Spielraum, Pflegekatastrophe abzuwenden \u2013 KRiStA \u2013 Netzwerk Kritische Richter und Staatsanw\u00e4lte n.e.V. (netzwerkkrista.de)<\/a><\/p>\n<p style=\"text-align: justify;\">25% der Zahn\u00e4rzte in Sachsen sind nicht geimpft. 273 Praxen von 2570 ziehen eine <strong>Praxisschlie\u00dfung<\/strong> wegen ungeimpftem Praxis-Inhaber oder mangels Personal in Betracht. Das meldet die Landeszahn\u00e4rztekammer. Wohin das f\u00fchrt?<\/p>\n<p style=\"text-align: justify;\">Als verr\u00fcckt empfinde ich die Folgerung des Pr\u00e4sidenten der Landeszahn\u00e4rztekammer, nicht die R\u00fccknahme der berufsbezogenen Impfpflicht zu fordern, sondern die Ausdehnung der Impfpflicht auf Alle. Das hei\u00dft im Klartext, dass Fluchtt\u00fcren zugesperrt werden sollen:<\/p>\n<p style=\"text-align: justify;\"><a href=\"https:\/\/www.bild.de\/regional\/dresden\/dresden-aktuell\/impfpflicht-jeder-zweite-zahnarzt-in-sachsen-rechnet-mit-kuendigungen-78773358.bild.html\">Impfpflicht: Jeder zweite Zahnarzt in Sachsen rechnet mit K\u00fcndigungen | Regional | BILD.de<\/a><\/p>\n<p style=\"text-align: justify;\">Auch in anderen Bereichen droht der Notstand:<\/p>\n<p style=\"text-align: justify;\"><a href=\"https:\/\/www.tag24.de\/nachrichten\/regionales\/sachsen\/impfpflicht-bringt-sachsens-pflege-in-gefahr-immer-mehr-fachkraefte-melden-sich-arbeitsuchend-2280414\">Impfpflicht bringt Sachsens Pflege in Gefahr: <strong>Immer mehr Fachkr\u00e4fte melden sich arbeitsuchend <\/strong>| TAG24<\/a><\/p>\n<p style=\"text-align: justify;\">Mangels landesweit zur Verf\u00fcgung stehender Zahlen gibt es keinen Gesamt\u00fcberblick.<br \/>\nWas aber in Sachsen geschehen w\u00fcrde, l\u00e4sst sich am Pflegedienst von Simone Holzh\u00e4user (54) aus Naunhof (Kreis Leipzig) ermessen, der mit 800 betreuten Patienten zu den gr\u00f6\u00dferen im Land geh\u00f6rt.<\/p>\n<p style=\"text-align: justify;\">&#8222;25 meiner 65 Mitarbeiter sind nicht geimpft und haben sich schon online arbeitsuchend gemeldet &#8211; das ist eine Katastrophe&#8220;,<\/p>\n<p style=\"text-align: justify;\">erz\u00e4hlt die Chef-Pflegerin. Ihr Versorgungsvertrag gerate damit in Gefahr: &#8222;Zwischen 30 und 40 Prozent der Patienten k\u00f6nnen wir dann nicht mehr betreuen&#8220;, sch\u00e4tzt Holzh\u00e4user.<\/p>\n<p style=\"text-align: justify;\"><strong>Nebenwirkungen<\/strong><\/p>\n<p style=\"text-align: justify;\">Sehr ernst warnt Prof. Dr. Bhakdi vor Impfungen, die das <strong>Immunsystem<\/strong> kaputtmachen k\u00f6nnen:<\/p>\n<p style=\"text-align: justify;\"><a href=\"https:\/\/rumble.com\/vr9bd1-der-beweis-ist-da-impfung-zerstrt-immunsystem.html\">\u00bbDer Beweis ist da: Impfung zerst\u00f6rt Immunsystem\u00ab (rumble.com)<\/a><\/p>\n<p style=\"text-align: justify;\">Im Vergleich zu den Grippeschutzimpfungen liegen die <strong>Meldungen der Nebenwirkungen<\/strong> der Covid-19-Impfungen 30- bis 90-fach h\u00f6her! Unter normalen Umst\u00e4nden ist undenkbar, dass dies nicht breit thematisiert wird:<\/p>\n<p style=\"text-align: justify;\"><a href=\"https:\/\/multipolar-magazin.de\/artikel\/faktencheck-sicherheit-impfungen\">Faktencheck: Wie sicher sind die Impfungen? &#8211; (multipolar-magazin.de)<\/a><\/p>\n<p style=\"text-align: justify;\">Ich bin und bleibe vorsichtig, Einzelaussagen zu stark zu gewichten. Jedoch darf es nicht passieren, dass man Geschichten nicht mehr mitbekommen kann, die uns die Mainstream-Medien verschweigen:<\/p>\n<p style=\"text-align: justify;\">\u201eDie neuen Kunden, die Waeny nun behandelt<strong>,<\/strong> k\u00e4men vor allem aus einem Grund:<br \/>\n\u00abSie leiden seit ihrer Impfung an Nebenwirkungen.\u00bb<br \/>\nDiese w\u00fcrden das ganze Spektrum abdecken:<br \/>\nVon leicht \u00fcber mittelschwer bis hin zu schwerwiegenden Problemen.<br \/>\nGesichtsl\u00e4hmungen, Ohrensausen, Atembeschwerden, ein loses Zungenband, M\u00fcdigkeit.<br \/>\nDas sind die Beschwerden, die Eric Waeny bei Geimpften zurzeit behandelt.<br \/>\n\u00abInteressant ist, dass viele \u00c4rzte die Impf-Nebenwirkungen verneinen, aber dass die Patienten, die zu mir kommen, ihre Beschwerden klar auf die Impfung zur\u00fcckf\u00fchren\u00bb,<\/p>\n<p style=\"text-align: justify;\"><em>erz\u00e4hlt Waeny<\/em>, ein Schweizer Masseur:<\/p>\n<p style=\"text-align: justify;\"><a href=\"https:\/\/corona-transition.org\/ich-behandle-nun-leute-mit-impfschaden\">\u00abIch behandle nun Leute mit Impfsch\u00e4den\u00bb &#8211; Corona Transition (corona-transition.org)<\/a><\/p>\n<p style=\"text-align: justify;\"><strong>Pandemie der Ungeimpften<\/strong><\/p>\n<p style=\"text-align: justify;\">Immer deutlicher wird, dass die Fiktion der Pandemie der Ungeimpften, auf der ja die unterschiedlichen Ma\u00dfnahmen f\u00fcr Geimpfte und Ungeimpfte beruhen, eine faktenlose Behauptung ist bzw. es ich um bewusste Falschmeldungen handelt. Nach Bayern und Hamburg ist dies nun auch f\u00fcr Sachsen klar herausgearbeitet worden:<\/p>\n<p style=\"text-align: justify;\"><a href=\"https:\/\/reitschuster.de\/post\/ungeniert-immer-mehr-bundeslaender-tricksen-bei-den-inzidenzen\/\">Ungeniert: Immer mehr Bundesl\u00e4nder fallen beim Tricksen auf &#8211; reitschuster.de<\/a><\/p>\n<p style=\"text-align: justify;\">Das RKI hat jetzt festgehalten, dass bei Omikron-Infizierten 95% vollst\u00e4ndig geimpft waren, 27% sogar mit Drittimpfung (Seite 14):<\/p>\n<p style=\"text-align: justify;\"><a href=\"https:\/\/www.rki.de\/DE\/Content\/InfAZ\/N\/Neuartiges_Coronavirus\/Situationsberichte\/Wochenbericht\/Wochenbericht_2021-12-30.pdf?__blob=publicationFile\">W\u00f6chentlicher Lagebericht des RKI zu COVID-19<\/a><\/p>\n<p style=\"text-align: justify;\">Ausf\u00fchrlich bei Reitschuster:<\/p>\n<p style=\"text-align: justify;\"><a href=\"https:\/\/reitschuster.de\/post\/omikron-negativer-impfschutz-fuer-zweifach-geimpfte\/\">Omikron: Negativer Impfschutz f\u00fcr zweifach Geimpfte? &#8211; reitschuster.de<\/a><\/p>\n<p style=\"text-align: justify;\">Auch Booster-Impfungen verhindern nicht die <strong>abfallende Wirksamkeit der Impfungen:<\/strong><\/p>\n<p style=\"text-align: justify;\"><a href=\"https:\/\/www.deutschlandfunk.de\/antikoerper-zahl-sinkt-auch-nach-booster-impfung-100.html\">Israelischer Experte &#8211; Antik\u00f6rper-Zahl sinkt auch nach Booster-Impfung (deutschlandfunk.de)<\/a><\/p>\n<p style=\"text-align: justify;\"><a href=\"https:\/\/christlichesforum.info\/muenster-36-zwei-bis-dreifach-geimpfte-ski-urlauber-corona-infiziert\/\">M\u00fcnster: 36 zwei- bis dreifach-geimpfte Ski-Urlauber Covid-positiv getestet &#8211; Christliches Forum<\/a><\/p>\n<p style=\"text-align: justify;\">Noch deutlicher sind die internationalen Nachrichten:<\/p>\n<p style=\"text-align: justify;\"><a href=\"https:\/\/corona-transition.org\/faroer-inseln-geboosterte-stecken-sich-mit-omikron-an\">F\u00e4r\u00f6er-Inseln: Geboosterte stecken sich mit Omikron an &#8211; Corona Transition (corona-transition.org)<\/a><\/p>\n<p style=\"text-align: justify;\">Trotz strikter Ma\u00dfnahmen sind auf einer belgischen Forschungsstation in der Antarktis zwei Drittel der vollst\u00e4ndig geimpften 25 Forscher positiv getestet worden:<\/p>\n<p style=\"text-align: justify;\"><a href=\"https:\/\/www.msn.com\/en-gb\/news\/world\/covid-reaches-the-antarctic-polar-researchers-report-outbreak-at-remote-station\/ar-AAShK1e\">Covid erreicht die Antarktis: Polarforscher melden Ausbruch an abgelegener Station (msn.com)<\/a><\/p>\n<p style=\"text-align: justify;\"><strong>International<\/strong><\/p>\n<p style=\"text-align: justify;\"><strong>Australien<\/strong><\/p>\n<p style=\"text-align: justify;\">Impfquote: 79,28 (76,61)%, Inzidenz: 629,6<\/p>\n<p style=\"text-align: justify;\"><a href=\"https:\/\/www.corona-in-zahlen.de\/weltweit\/australien\/\">https:\/\/www.corona-in-zahlen.de\/weltweit\/australien\/<\/a><\/p>\n<p style=\"text-align: justify;\"><strong>Belgien<\/strong><\/p>\n<p style=\"text-align: justify;\"><a href=\"https:\/\/corona-transition.org\/belgisches-gericht-kippt-schliessung-von-kinos-theatern-und-kunstzentren\">Belgisches Gericht kippt Schliessung von Kinos, Theatern und (&#8230;) &#8211; Corona Transition (corona-transition.org)<\/a><\/p>\n<p style=\"text-align: justify;\"><strong>Frankreich<\/strong><\/p>\n<p style=\"text-align: justify;\">bekannt f\u00fcr die strengsten Lockdowns in Europa:<br \/>\nImpfquote: 78,25 (73,29)%, Inzidenz: 1.633,9<\/p>\n<p style=\"text-align: justify;\"><a href=\"https:\/\/www.corona-in-zahlen.de\/weltweit\/frankreich\/\">https:\/\/www.corona-in-zahlen.de\/weltweit\/frankreich\/<\/a><\/p>\n<p style=\"text-align: justify;\"><a href=\"https:\/\/www.welt.de\/politik\/ausland\/article236042802\/Frankreich-Emmanuel-Macron-hat-grosse-Lust-die-Ungeimpften-zu-nerven.html\">Frankreich: Emmanuel Macron hat \u201egro\u00dfe Lust, die Ungeimpften zu nerven\u201c &#8211; WELT<\/a><\/p>\n<p style=\"text-align: justify;\"><a href=\"https:\/\/www.faz.net\/aktuell\/politik\/ausland\/frankreich-corona-impfgegner-fuer-macron-keine-buerger-mehr-17716727.html\">Frankreich: Corona-Impfgegner f\u00fcr Macron keine B\u00fcrger mehr (faz.net)<\/a><\/p>\n<p style=\"text-align: justify;\"><strong>Israel<\/strong><\/p>\n<p style=\"text-align: justify;\">Weil Omikron einerseits weder wirklich schlimme Auswirkungen hat noch andererseits wirklich beherrschbar ist, lockert Israel seine Begrenzungsma\u00dfnahmen:<\/p>\n<p style=\"text-align: justify;\"><a href=\"https:\/\/reitschuster.de\/post\/erneut-vorreiter-israel-reagiert-auf-omikron-mit-lockerungen\/\">Erneut Vorreiter: Israel reagiert auf Omikron mit Lockerungen &#8211; reitschuster.de<\/a><\/p>\n<p style=\"text-align: justify;\"><strong>Italien<\/strong><\/p>\n<p style=\"text-align: justify;\">Vorreiter einer Impfpflicht im Gesundheitswesen:<br \/>\nImpfquote: 80,14 (74,10)%, Inzidenz: 1.067,6<\/p>\n<p style=\"text-align: justify;\"><a href=\"https:\/\/www.corona-in-zahlen.de\/weltweit\/italien\/\">https:\/\/www.corona-in-zahlen.de\/weltweit\/italien\/<\/a><\/p>\n<p style=\"text-align: justify;\"><strong>Rum\u00e4nien<\/strong><\/p>\n<p style=\"text-align: justify;\">eine der niedrigsten Impfquoten Europas:<br \/>\nImpfquote: 41,61 (nur Erstimpfung)%, Inzidenz: 41,5<br \/>\n(absolutes Inzidenz-Maximum ca. 500)<\/p>\n<p style=\"text-align: justify;\"><a href=\"https:\/\/www.corona-in-zahlen.de\/weltweit\/rum%C3%A4nien\/\">https:\/\/www.corona-in-zahlen.de\/weltweit\/rum%C3%A4nien\/<\/a><\/p>\n<p style=\"text-align: justify;\"><strong>Schottland <\/strong><\/p>\n<p style=\"text-align: justify;\">Laut den neueste Gesundheitsdaten betrafen<br \/>\n18 Prozent der Todesf\u00e4lle Ungeimpfte und<br \/>\n82 Prozent Geimpfte.<\/p>\n<p style=\"text-align: justify;\"><a href=\"https:\/\/corona-transition.org\/schottland-auch-viele-dreifach-geimpfte-werden-mit-covid-19-hospitalisiert-und\">Schottland: Auch viele dreifach Geimpfte werden mit Covid-19 hospitalisiert (&#8230;) &#8211; Corona Transition (corona-transition.org)<\/a><\/p>\n<p style=\"text-align: justify;\"><strong>Schweiz<\/strong><\/p>\n<p style=\"text-align: justify;\"><a href=\"https:\/\/corona-transition.org\/150-juristen-fordern-schweizer-politiker-auf-wieder-die-verfassungsmassige\">150 Juristen fordern Politiker auf, die \u00abverfassungsm\u00e4ssige Grundordnung\u00bb (&#8230;) &#8211; Corona Transition (corona-transition.org)<\/a><\/p>\n<p style=\"text-align: justify;\"><strong>Spanien<\/strong><\/p>\n<p style=\"text-align: justify;\">fast Impfweltmeister:<br \/>\nImpfquote: 84,76 (81,0)%, Inzidenz: 1.233,8<\/p>\n<p style=\"text-align: justify;\"><a href=\"https:\/\/www.corona-in-zahlen.de\/weltweit\/spanien\/\">https:\/\/www.corona-in-zahlen.de\/weltweit\/spanien\/<\/a><\/p>\n<p style=\"text-align: justify;\"><strong>USA <\/strong><\/p>\n<p style=\"text-align: justify;\">Doch keine Impfpflicht in den USA? Biden macht einen Schritt zur\u00fcck und r\u00e4umt ein, dass es \u00abkeine zentrale L\u00f6sung\u00bb f\u00fcr die Pandemie gibt<\/p>\n<p style=\"text-align: justify;\"><a href=\"https:\/\/corona-transition.org\/doch-keine-impfpflicht-in-den-usa\">Doch keine Impfpflicht in den USA? &#8211; Corona Transition (corona-transition.org)<\/a><\/p>\n<p style=\"text-align: justify;\"><strong>Kinder und Jugendliche<\/strong><\/p>\n<p style=\"text-align: justify;\">Eine Kindergartenleiterin wirft hin. Hier ihr Schreiben mit den Hintergr\u00fcnden f\u00fcr ihre Entscheidung. Nicht zur Nachahmung empfohlen, weil die Kinder nat\u00fcrlich empathische Begleiter brauchen, aber die Katastrophe des Umgangs mit den Kindern wird sichtbar:<\/p>\n<p style=\"text-align: justify;\"><a href=\"https:\/\/www.rubikon.news\/artikel\/an-die-kinder?fbclid=IwAR3Pq3UrOwcTQy9eUCX_-iacyEdK9VeHASBDNepufBx_RLGwHatYjwIEszc\">An die Kinder | Rubikon<\/a><\/p>\n<p style=\"text-align: justify;\">Die \u201eINITIATIVE Familien\u201c hat in einem Offenen Brief an den Bundeskanzler, die Ministerpr\u00e4sidenten und Kultus- und Gesundheitsministerien f\u00fcr offene bleibende Schulen pl\u00e4diert:<\/p>\n<p style=\"text-align: justify;\"><a href=\"https:\/\/www.initiativefamilien.de\/aktuelles\/offener-brief-kinder-gehoeren-in-die-schule\/?_thumbnail_id=33661\">Offener Brief &#8211; Kinder geh\u00f6ren in die Schule! &#8211; Initiative Familien<\/a><\/p>\n<p style=\"text-align: justify;\">Am Ende subjektiv empfundener, unertr\u00e4glicher Leiden stehen leider viel zu h\u00e4ufig<br \/>\n<strong>Suizid-Versuche<\/strong>. Darum m\u00fcsste die Nachricht alarmieren, dass die Anzahl der Suizidversuche unter Jugendlichen dramatisch ansteigt:<\/p>\n<p style=\"text-align: justify;\"><a href=\"https:\/\/www.svz.de\/deutschland-welt\/panorama\/Corona-Bis-zu-500-Kinder-nach-Suizidversuchen-auf-Intensivstation-id34847312.html\">Dramatischer Anstieg : Corona: Bis zu 500 Kinder nach Suizidversuchen auf Intensivstation | svz.de<\/a><\/p>\n<p style=\"text-align: justify;\">Jugendliche leiden unter Stigmatisierung. Viele lassen sich wegen des gro\u00dfen Drucks impfen. Mit Einzelfallschilderungen kann man ja viel Aufmerksamkeit bewirken. Man sollte sich dadurch aber nicht zu generellen Aussagen verleiten lassen. Dennoch finde ich die Aktion eines 17j\u00e4hriger Gymnasiasten erw\u00e4hnenswert:<\/p>\n<p style=\"text-align: justify;\"><a href=\"https:\/\/www.20min.ch\/story\/ungeimpfter-gymnasiast-17-will-sich-nun-eine-lehrstelle-suchen-839379889069\">Plakat-Aktion \u2013 Ungeimpfter Gymnasiast (17) will sich nun eine Lehrstelle suchen &#8211; 20 Minuten<\/a><\/p>\n<p style=\"text-align: justify;\"><strong>Kirchen und Christen<\/strong><\/p>\n<p style=\"text-align: justify;\">Die <a href=\"https:\/\/www.idea.de\/artikel\/debatte-um-impfpflicht-wird-auch-in-den-kirchen-gefuehrt\"><em>Debatte um Impfpflicht wird auch in den Kirchen gef\u00fchrt: idea.de<\/em><\/a><\/p>\n<p style=\"text-align: justify;\">Jetzt stellt sich auch der ehemalige Ratsvorsitzende der EKD gegen eine Impfpflicht zum<br \/>\njetzigen Zeitpunkt und damit gegen die Position seiner Nachfolgerin:<\/p>\n<p style=\"text-align: justify;\"><a href=\"https:\/\/www.kath.net\/print\/77273\">kath.net<\/a><\/p>\n<p style=\"text-align: justify;\">Inzwischen \u00e4u\u00dfern sich auch f\u00fchrende evangelikale Repr\u00e4sentanten:<\/p>\n<p style=\"text-align: justify;\"><a href=\"https:\/\/www.idea.de\/artikel\/was-fuehrende-pietisten-und-freikirchler-von-einer-impfpflicht-halten\">Was f\u00fchrende Pietisten und Freikirchler von einer Impfpflicht halten: idea.de<\/a><\/p>\n<p style=\"text-align: justify;\">Die Deutsche Evangelische Allianz hat eine Impfpflicht als nicht zielf\u00fchrend bezeichnet<\/p>\n<p style=\"text-align: justify;\"><a href=\"https:\/\/www.ead.de\/2022\/januar\/10012022-ead-impfpflicht-ist-wenig-zielfuehrend\/\">10.01.2022 EAD: Impfpflicht ist \u201ewenig zielf\u00fchrend\u201c<\/a><\/p>\n<p style=\"text-align: justify;\">Ein offener, mehr als deutlicher Brief eines Bischofsfreundes der \u00d6sterreichischen Bischofskonferenz, der aufruft zur Abkehr von der kirchlichen Unterst\u00fctzung der Pandemiepolitik:<\/p>\n<p style=\"text-align: justify;\"><a href=\"https:\/\/christlichesforum.info\/offener-brief-an-erzbischof-lackner-die-kirche-als-verlaengerter-arm-der-politik\/\">Offener Brief an Erzbischof Lackner: Die Kirche als verl\u00e4ngerter Arm der Politik? &#8211; Christliches Forum<\/a><\/p>\n<p style=\"text-align: justify;\">Eine bemerkenswerte Nachlese, auch kulturpolitisch, zum Weihnachtsfest und den unheiligen Einfl\u00fcssen aufs Feiern:<\/p>\n<p style=\"text-align: justify;\"><a href=\"https:\/\/www.tichyseinblick.de\/meinungen\/weihnachten-ist-die-rote-linie\/\">Weihnachten ist die rote Linie (tichyseinblick.de)<\/a><\/p>\n<p style=\"text-align: justify;\">Martin Scheuermann, Leiter des Christlichen G\u00e4stezentrums Sch\u00f6nblick, hat neben den<br \/>\nN\u00f6ten des G\u00e4stezentrums und der Dankbarkeit f\u00fcr die wunderbare finanzielle Durchhilfe,<br \/>\nin einem Interview auch deutlich gemacht, dass die Pandemieangst auch auf falschen<br \/>\nPrognosen und falschen Datenangaben beruhen:<\/p>\n<p style=\"text-align: justify;\"><a href=\"https:\/\/www.idea.de\/artikel\/martin-scheuermann-auch-in-corona-zeiten-veranstaltungen-besuchen\">Auch in Corona-Zeiten Veranstaltungen besuchen: idea.de<\/a><\/p>\n<p style=\"text-align: justify;\">Gerne weise ich hin auf die Basisinitiative<\/p>\n<p style=\"text-align: justify;\"><a href=\"http:\/\/www.Christenstehenauf.de\">www.Christenstehenauf.de<\/a><\/p>\n<p style=\"text-align: justify;\">Hier findet man viele aktuelle Nachrichten und sehr gut aufbereitet Fakten.<\/p>\n<p style=\"text-align: justify;\">Gerne helfe ich bei der Vernetzung von Pfarrern, Pastoren, Predigern und weiteren Mitarbeitern in den Kirchen, die unter den erheblichen Behinderungen ihrer Arbeit leiden oder davon bedroht sein k\u00f6nnten. Bitte geben Sie mir einen Hinweis, wenn Sie auch mit vernetzt sein m\u00f6chten: <a href=\"mailto:hartmut@steeb-family.de\">hartmut@steeb-family.de<\/a><\/p>\n<p><strong>Kollateralsch\u00e4den<\/strong><\/p>\n<p style=\"text-align: justify;\"><strong>International gibt es verheerende Folgen der Lockdown-Politik.<br \/>\nDie wirtschaftlichen Folgen treffen die Armen<\/strong><\/p>\n<p style=\"text-align: justify;\"><a href=\"https:\/\/corona-transition.org\/pandemie-des-hungers\">Eine Pandemie des Hungers &#8211; Corona Transition (corona-transition.org)<\/a><\/p>\n<p style=\"text-align: justify;\"><strong>Die Lockdowns haben laut der Studie in Gro\u00dfbritannien 900.000 Menschen in die Armut getrieben,<\/strong> und weitere Ma\u00dfnahmen w\u00fcrden die Erholung von den fr\u00fcheren Einschr\u00e4nkungen gef\u00e4hrden, so die Denkfabrik:<\/p>\n<p style=\"text-align: justify;\"><a href=\"https:\/\/corona-transition.org\/grossbritannien-lockdowns-sturzten-eine-million-menschen-in-armut\">Grossbritannien: Lockdowns st\u00fcrzten eine Million Menschen in (&#8230;) &#8211; Corona Transition (corona-transition.org)<\/a><\/p>\n<p style=\"text-align: justify;\"><strong>Krankenh\u00e4user<\/strong><\/p>\n<p style=\"text-align: justify;\">Die Frage der <strong>\u00dcberlastung der Krankenh\u00e4user<\/strong> war in den letzten Monaten sehr wichtig. Dass heute offenbar die wichtige Frage der Krankenhauseinweisungen nicht mehr gestellt wird, stellt BILD klar:<\/p>\n<p style=\"text-align: justify;\"><a href=\"https:\/\/www.bild.de\/politik\/inland\/politik-inland\/corona-regeln-was-wurde-aus-der-krankenhaus-inzidenz-78691986.bild.html?wtmc=whtspp.shr###wt_ref=https%3A%2F%2Fm.bild.de%2Fpolitik%2Finland%2Fpolitik-inland%2Fcorona-regeln-was-wurde-aus-der-krankenhaus-inzidenz-78691986.bildMobile.html%3Fwtmc%3Dwhtspp.shr&amp;wt_t=1641294356966\">Corona-Regeln: Was wurde aus der Krankenhaus-Inzidenz? &#8211; Politik Inland &#8211; Bild.de<\/a><\/p>\n<p style=\"text-align: justify;\">Ich kann mich des Eindrucks nicht mehr erwehren:<br \/>\n\u00c4ndern sich die Zahlen zu Ungunsten der Angst-Pandemie wird Neues herausgezogen, dass anscheinend besser die tragische Lage darstellt.<\/p>\n<p style=\"text-align: justify;\"><strong>Medien<\/strong><\/p>\n<p style=\"text-align: justify;\">Boris Reitschuster hat in seiner letzten Rundmail vor Weihnachten die <strong>Missst\u00e4nde im Hinblick auf die Meinungsfreiheit<\/strong> und die angepassten Medien beschrieben. Auch lesenswert der dortige Verweis auf ein internes Protokoll nach einem Polizeieinsatz in Reutlingen.<br \/>\nEs macht deutlich, dass es nicht mehr um die wirklichen Rechtsfragen und den Grundrechtsschutz geht, sondern um Einsch\u00fcchterung und Bevormundungen. Traurig stimmende Texte, wenn auch nicht ohne Hoffnung:<\/p>\n<p style=\"text-align: justify;\"><a href=\"https:\/\/tba877bbf.emailsys1a.net\/mailing\/51\/4825375\/15671497\/6839\/2054eebf03\/index.html\">Abwege und Auswege \u2013 und was mir trotz allem Hoffnung macht: WOCHENBRIEFING (emailsys1a.net)<\/a><\/p>\n<p style=\"text-align: justify;\">Politik, Medien und ihre Narrative haben in der Bev\u00f6lkerung vor allem eines bewirkt:<br \/>\nEine <strong>pandemische Ausbreitung von Unsicherheit und Angst<\/strong> \u2013 eine Buchbesprechung:<\/p>\n<p style=\"text-align: justify;\"><a href=\"https:\/\/reitschuster.de\/post\/chronik-einer-krankheit-der-amtsarzt\/\">Chronik einer Krankheit: Der Amtsarzt &#8211; reitschuster.de<\/a><\/p>\n<p style=\"text-align: justify;\"><strong>Medizin<\/strong><\/p>\n<p style=\"text-align: justify;\">Es wird zur Diskussion um Covid-19 und die davon ausgehenden Gefahren h\u00e4ufig auf die <strong>Sp\u00e4tsch\u00e4den der Corona-Erkrankungen<\/strong> hingewiesen. Jetzt hat eine pr\u00e4zisere Analyse gezeigt, dass auch diese Aussage kritisch beleuchtet werden muss, weil h\u00e4ufig Symptome und Erkrankung nichts miteinander zu tun haben m\u00fcssen:<\/p>\n<p style=\"text-align: justify;\"><a href=\"https:\/\/www.wochenblick.at\/corona\/studie-relativiert-long-covid-viele-patienten-hatten-gar-keine-infektion\/\">Studie relativiert \u201cLong COVID\u201d: Viele Patienten hatten gar keine Infektion &#8211; Wochenblick.at<\/a><\/p>\n<p style=\"text-align: justify;\">In \u00d6sterreich haben sich \u00fcber 200 <strong>Hebammen gegen die Diskriminierungen<\/strong> und gegen die Impfpflicht \u00f6ffentlich positioniert:<\/p>\n<p style=\"text-align: justify;\"><a href=\"https:\/\/unser-mitteleuropa.com\/oesterreich-ueber-200-hebammen-lehnen-in-offenem-brief-impfpflicht-strikt-ab\/?fbclid=IwAR1b5s6vGBhyNj98XMYaFD54hOBtkPrg1A1B-GFOJr42X_wjmxOeTxzwqtc\">\u00d6sterreich: \u00dcber 200 Hebammen lehnen in offenem Brief Impfpflicht strikt ab | UNSER MITTELEUROPA (unser-mitteleuropa.com)<\/a><\/p>\n<p style=\"text-align: justify;\"><strong>Rechtsstaat<\/strong><\/p>\n<p style=\"text-align: justify;\">Gleiches Recht f\u00fcr alle? Der bayrische Verwaltungsgerichtshof hat jetzt entschieden, dass auch Kleidungsgesch\u00e4fte von 2G ausgenommen werden m\u00fcssen, weil auch Kleidungserwerb zum t\u00e4glichen Bedarf geh\u00f6rt:<\/p>\n<p style=\"text-align: justify;\"><a href=\"https:\/\/christlichesforum.info\/haendler-fordern-faire-gleichheit-und-bundeseinheitliche-coronamassnahmen\/?unapproved=77027&amp;moderation-hash=47d99ddaa603fff70d266c658e7c3975#comment-77027\">H\u00e4ndler fordern faire Gleichheit und bundeseinheitliche Coronama\u00dfnahmen &#8211; Christliches Forum<\/a><\/p>\n<p style=\"text-align: justify;\">Ein kleines Hoffnungszeichen.<\/p>\n<p style=\"text-align: justify;\">Das Oberverwaltungsgericht in Greifswald hat die Kriterien zur Berechnung der Intensivbelegung als nicht rechtskonform beurteilt:<\/p>\n<p style=\"text-align: justify;\"><a href=\"https:\/\/www.aerzteblatt.de\/nachrichten\/130694\/Oberverwaltungsgericht-kippt-Intensivstationauslastung-als-Kriterium?rt=7cd8255d566cfb992c0d5697a0796a2e\">Oberverwaltungsgericht kippt Intensivstationauslastung als&#8230; (aerzteblatt.de)<\/a><\/p>\n<p style=\"text-align: justify;\"><strong>Meinungsfreiheit<\/strong><br \/>\ngilt nicht f\u00fcr alle. Nun traf es den Impfkritiker, Medizinprofessor Sch\u00f6nichen aus Wien:<\/p>\n<p style=\"text-align: justify;\"><a href=\"https:\/\/www.heute.at\/s\/corona-kritischer-professor-andreas-soennichsen-von-med-uni-wien-gefeuert-100179350\">Corona-kritischer Professor von MedUni Wien gefeuert &#8211; \u00d6sterreich | heute.at<\/a><\/p>\n<p style=\"text-align: justify;\">Der Stellvertretende Vorsitzende der CDU Mecklenburg-Vorpommern \u00e4u\u00dfert sich dankbar f\u00fcr Proteste gegen die Corona-Politik:<br \/>\n<strong>Unter dem Deckmantel der Pandemie werde die Freiheit dauerhaft beschnitten<\/strong><br \/>\nund in Berlin ein \u201eNeues Deutschland\u201d aus der Taufe gehoben.<\/p>\n<p style=\"text-align: justify;\">\u201eLassen wir diesen Augenblick also nicht ungenutzt! \u2013 Wir schaffen das \u2013 aber nur in Freiheit!\u201d,<\/p>\n<p style=\"text-align: justify;\">schrieb Ott:<\/p>\n<p style=\"text-align: justify;\"><a href=\"https:\/\/www.nordkurier.de\/mecklenburg-vorpommern\/cdu-landesvize-ott-dankbar-fuer-proteste-gegen-corona-politik-2346449312.html\">https:\/\/www.nordkurier.de\/mecklenburg-vorpommern\/cdu-landesvize-ott-dankbar-fuer-proteste-gegen-corona-politik-2346449312.html<\/a><\/p>\n<p style=\"text-align: justify;\">Die Gewerkschaft der Polizei in Sachen fordert die <strong>Aufhebung der strikten Versammlungsverbote:<\/strong><\/p>\n<p style=\"text-align: justify;\"><a href=\"https:\/\/www.zeit.de\/news\/2021-12\/28\/polizei-fuer-weniger-einschraenkungen-im-versammlungsrecht\">Gesundheit: Polizei f\u00fcr weniger Einschr\u00e4nkungen im Versammlungsrecht | ZEIT ONLINE<\/a><\/p>\n<p style=\"text-align: justify;\">Auf internationaler B\u00fchne ist spannend, dass nun beim <strong>Internationalen Gerichtshof<\/strong> in Den Haag Anklage gegen f\u00fchrende und verantwortliche Personen erhoben wird, die f\u00fcr die Pandemiepolitik in besonderer Weise Verantwortung tragen:<\/p>\n<p style=\"text-align: justify;\"><a href=\"https:\/\/corona-transition.org\/klage-gegen-fauci-gates-und-co-beim-internationalen-strafgerichtshof-wegen\">Fauci, Gates und Co. wegen Verbrechens gegen die Menschlichkeit (&#8230;) &#8211; Corona Transition (corona-transition.org)<\/a><\/p>\n<p style=\"text-align: justify;\">Der <strong>Datenschutz<\/strong> spielte bisher eine gro\u00dfe Rolle in Europa. Nun hat sich die private \u00d6sterreichische Gesellschaft f\u00fcr Datenschutz zum dortigen Regierungsentwurf ge\u00e4u\u00dfert, mit bemerkenswerter scharfer Kritik an dem als v\u00f6llig unzureichend und teils willk\u00fcrlichen Bestimmungen des vorgesehenen Gesetzes zur Einf\u00fchrung der Impfpflicht. Das k\u00f6nnte eine wichtige Vorlage f\u00fcr die auch in Deutschland notwendig werdende Diskussion \u00fcber die beabsichtigte Impfpflicht sein.<\/p>\n<p style=\"text-align: justify;\">\u201eGanz im Gegenteil zeigt die statistische Analyse vergleichbarer L\u00e4nder keinen signifikanten Zusammenhang zwischen Impfrate, Infektionsh\u00e4ufigkeit und Mortalit\u00e4t \u2026<br \/>\nAusdr\u00fccklich ausgenommen von der Stellungnahme ist eine medizinische Bewertung des Entwurfes. Aufgezeigt werden jedoch die zum Teil willk\u00fcrlichen, nicht aktuellen und widerspr\u00fcchlichen gesundheitsbezogenen Behauptungen und Annahmen \u2026<br \/>\nDer Entwurf begeht mehrere Tabubr\u00fcche, die bisher in unserer Rechtsordnung nicht vorstellbar waren:<\/p>\n<p style=\"text-align: justify;\">&#8211; Einf\u00fchrung der Rasterfahndung zur Verh\u00e4ngung von Verwaltungsstrafen<br \/>\n&#8211; Entindividualisierung der medizinischen Versorgung<br \/>\n&#8211; Umkehr der Unschuldsvermutung zum Schuldverdacht<br \/>\n&#8211; automatisierte Ausstellung von Strafverf\u00fcgungen ohne individuelle Pr\u00fcfung der tats\u00e4chlichen Strafw\u00fcrdigkeit\u201c<\/p>\n<p style=\"text-align: justify;\"><a href=\"http:\/\/www.argedaten.at\/php\/cms_monitor.php?q=PUB-TEXT-ARGEDATEN&amp;s=69135nua\">Impfpflichtgesetz &#8211; blo\u00df eine automatisierte Strafdatei? (argedaten.at)<\/a><\/p>\n<p style=\"text-align: justify;\"><strong>Sterbef\u00e4lle<\/strong><\/p>\n<p style=\"text-align: justify;\">Ganz offensichtlich hatten wir <strong>2021 nun eine gro\u00dfe \u00dcbersterblichkeit.<\/strong> Die \u201eB\u00fcrgerinitiative f\u00fcr eine ganzheitliche und humane Medizin\u201c hat sich darum in einem \u201eoffenen Brief\u201c an die Regierenden und Parlamentarier gewandt und sich klar positioniert. Sie sieht die \u00dcbersterblichkeit als Folge der Impfungen und fordert darum den sofortigen Impf-Stopp. Sie schl\u00e4gt auch Alternativen vor und sie zeigt sich offen f\u00fcr eine andere Erkl\u00e4rung der Bundesregierung f\u00fcr die \u00dcbersterblichkeit.<\/p>\n<p style=\"text-align: justify;\">Ich kann weder alles in der sehr ausf\u00fchrlichen Stellungnahme bewerten, darum gewiss auch nicht alles unterst\u00fctzen. Aber sie enth\u00e4lt sehr, sehr viel Gutes. Ich finde meine Sicht in weiten Teilen best\u00e4tigt und in gespannt, ob es dazu eine Regierungsantwort geben wird<\/p>\n<p style=\"text-align: justify;\"><a href=\"https:\/\/diesituation.wordpress.com\/2022\/01\/02\/stellungnahme-der-burgerinitiative-fur-eine-ganzheitliche-und-humane-medizin-zur-dzt-ubersterblichkeit-impfung-gegen-covid-19-defizite-im-gesundheitssystem-und-alternative-behandlungs-masn\/\">Stellungnahme der \u201eB\u00fcrgerinitiative f\u00fcr eine ganzheitliche und humane Medizin\u201c zur dzt. \u00dcbersterblichkeit, Impfung gegen Covid-19, Defizite im Gesundheitssystem und alternative (Behandlungs-)Ma\u00dfnahmen bei\/gg. Coronainfektionen \u2013 Die Situation (wordpress.com)<\/a><\/p>\n<p style=\"text-align: justify;\">Eine internationale Studie kommt zu dem erschreckenden Ergebnis, dass die \u00dcbersterblichkeit gravierend zugenommen hat, seit Impfungen verabreicht wurden:<\/p>\n<p style=\"text-align: justify;\"><a href=\"https:\/\/www.thegatewaypundit.com\/2022\/01\/massive-145-country-study-shows-sharp-increase-transmission-death-introduction-covid-vaccines\/\">Massive 145-L\u00e4nder-Studie zeigt starken Anstieg der \u00dcbertragung und des Todes nach Einf\u00fchrung von COVID-Impfstoffen (thegatewaypundit.com)<\/a><\/p>\n<p style=\"text-align: justify;\">Zum Alter der \u201eCorona-Toten\u201c:<br \/>\nMan kann sagen<br \/>\n&#8211; 64,6% waren \u00fcber 80 und 85,<br \/>\n&#8211; 24 % \u00a0\u00a0\u00a0\u00a0\u00a0\u00a0\u00a0\u00a0\u00a0\u00a0\u00a0\u00a0\u00a0\u00a0\u00a0\u00fcber 70 (damals 69,3% und 88,7%).<\/p>\n<p style=\"text-align: justify;\">Was fehlt ist der Gesamtdurchschnitt, der ja mal mit 84 sp\u00e4ter mit 83 angegeben war:<\/p>\n<p style=\"text-align: justify;\"><a href=\"https:\/\/de.statista.com\/statistik\/daten\/studie\/1104173\/umfrage\/todesfaelle-aufgrund-des-coronavirus-in-deutschland-nach-geschlecht\/\">https:\/\/de.statista.com\/statistik\/daten\/studie\/1104173\/umfrage\/todesfaelle-aufgrund-des-coronavirus-in-deutschland-nach-geschlecht\/<\/a><\/p>\n<p style=\"text-align: justify;\"><strong>Tests<\/strong><\/p>\n<p style=\"text-align: justify;\">Eine besonders wichtige Nachricht kommt aus den USA. Danach soll der gel\u00e4ufige <strong>PCR-Test als ungeeignet<\/strong> zur\u00fcckgezogen werden:<\/p>\n<p style=\"text-align: justify;\"><a href=\"https:\/\/corona-transition.org\/2022-soll-der-pcr-test-zuruckgezogen-werden\">USA: 2022 soll der PCR-Test zur\u00fcckgezogen werden &#8211; Corona Transition (corona-transition.org)<\/a><\/p>\n<p style=\"text-align: justify;\">Ich bin gespannt, ob sich das bis nach Europa durchspricht!<\/p>\n<p style=\"text-align: justify;\"><em>Hartmut Steeb, 71. Corona Informationen, Januar 2022<\/em><\/p>\n","protected":false},"excerpt":{"rendered":"<p>Ich schreibe Ihnen inmitten der Allianzgebetswoche, einer mir seit Jahrzehnten liebgewordenen Woche. Seit 1976 durfte ich diese in Stuttgart mitgestalten und mitverantworten, seit 1989 auf Bundesebene, mitunter auch mit europ\u00e4ischer Ausstrahlung. Reinhold Schneider hatte es 1936 anl\u00e4sslich d\u00fcster aufziehender Wolken so treffend formuliert \u201eAllein den Betern kann es noch gelingen, das Schwert ob unseren H\u00e4uptern [&hellip;]<\/p>\n","protected":false},"author":88,"featured_media":0,"comment_status":"closed","ping_status":"closed","sticky":false,"template":"","format":"standard","meta":[],"categories":[31,10],"tags":[],"_links":{"self":[{"href":"https:\/\/www.gemeindenetzwerk.de\/index.php?rest_route=\/wp\/v2\/posts\/18631"}],"collection":[{"href":"https:\/\/www.gemeindenetzwerk.de\/index.php?rest_route=\/wp\/v2\/posts"}],"about":[{"href":"https:\/\/www.gemeindenetzwerk.de\/index.php?rest_route=\/wp\/v2\/types\/post"}],"author":[{"embeddable":true,"href":"https:\/\/www.gemeindenetzwerk.de\/index.php?rest_route=\/wp\/v2\/users\/88"}],"replies":[{"embeddable":true,"href":"https:\/\/www.gemeindenetzwerk.de\/index.php?rest_route=%2Fwp%2Fv2%2Fcomments&post=18631"}],"version-history":[{"count":4,"href":"https:\/\/www.gemeindenetzwerk.de\/index.php?rest_route=\/wp\/v2\/posts\/18631\/revisions"}],"predecessor-version":[{"id":18635,"href":"https:\/\/www.gemeindenetzwerk.de\/index.php?rest_route=\/wp\/v2\/posts\/18631\/revisions\/18635"}],"wp:attachment":[{"href":"https:\/\/www.gemeindenetzwerk.de\/index.php?rest_route=%2Fwp%2Fv2%2Fmedia&parent=18631"}],"wp:term":[{"taxonomy":"category","embeddable":true,"href":"https:\/\/www.gemeindenetzwerk.de\/index.php?rest_route=%2Fwp%2Fv2%2Fcategories&post=18631"},{"taxonomy":"post_tag","embeddable":true,"href":"https:\/\/www.gemeindenetzwerk.de\/index.php?rest_route=%2Fwp%2Fv2%2Ftags&post=18631"}],"curies":[{"name":"wp","href":"https:\/\/api.w.org\/{rel}","templated":true}]}}